{"id":1719,"date":"2025-10-08T15:44:03","date_gmt":"2025-10-08T15:44:03","guid":{"rendered":"https:\/\/carinazermatt.ch\/?p=1719"},"modified":"2025-12-24T10:54:46","modified_gmt":"2025-12-24T10:54:46","slug":"le-carina-se-voit-decerner-les-classifications-swiss-lodge-et-design-lifestyle","status":"publish","type":"post","link":"https:\/\/carinazermatt.ch\/fr\/le-carina-se-voit-decerner-les-classifications-swiss-lodge-et-design-lifestyle\/","title":{"rendered":"Le Carina se voit d\u00e9cerner les classifications \u00ab\u00a0Swiss Lodge\u00a0\u00bb et \u00ab\u00a0Boutique &amp; Lifestyle\u00a0\u00bb"},"content":{"rendered":"\n<p>\u00ab\u00a0Tout sauf ordinaires\u00a0\u00bb, c\u2019est ainsi qu\u2019H\u00f4tellerie suisse qualifie les h\u00f4tels\u00a0<em>Boutique &amp; Lifestyle<\/em>\u00a0: des \u00e9tablissements qui se distinguent par \u00ab\u00a0une architecture innovante, une d\u00e9coration audacieuse et un savant m\u00e9lange de design, d\u2019art et de culture \u00bb.\u00a0 Le concept s\u2019applique \u00e0 tous les aspects de l\u2019h\u00f4tellerie\u00a0 \u2013 de l\u2019h\u00e9bergement \u00e0 la restauration, de la d\u00e9tente au travail. Il s\u2019exprime dans les formes, les mati\u00e8res, les couleurs, les lumi\u00e8res, les espaces, sans jamais n\u00e9gliger leur fonction.\u00a0<\/p>\n\n\n\n<p>Mais tandis que la plupart des h\u00f4tels class\u00e9s\u00a0<em>Boutique &amp; Lifestyle<\/em>\u00a0jouissent de 4 ou 5 \u00e9toiles, le Carina offre l\u2019exp\u00e9rience du raffinement dans la simplicit\u00e9. C\u2019est ce qui lui vaut de recevoir \u00e9galement la classification\u00a0<em>Swiss Lodge<\/em>\u00a0octroy\u00e9e \u00e0 des \u00e9tablissements qui se d\u00e9marquent par une offre qui fait l\u2019impasse sur certaines commodit\u00e9s \u2013 t\u00e9l\u00e9vision, coffre-fort, etc. \u2013 pour privil\u00e9gier l\u2019acc\u00e8s au plus grand nombre.<\/p>\n\n\n\n<p>En combinant ainsi les classifications\u00a0<em>Swiss Lodge<\/em>\u00a0et\u00a0<em>Boutique &amp; Lifestyle\u00a0<\/em>, le Carina montre qu\u2019il est possible d\u2019offrir un luxe diff\u00e9rent, o\u00f9 le produit prime, o\u00f9 l\u2019authentique l\u2019emporte sur le superflu, o\u00f9 la richesse est dans l\u2019attention.<\/p>\n\n\n\n<p>Premier h\u00f4tel de Zermatt \u00e0 recevoir ce double label, le Carina voit ainsi officiellement reconnue son identit\u00e9 particuli\u00e8re&nbsp;:&nbsp;<strong><em>a special place to stay<\/em><\/strong><\/p>\n","protected":false},"excerpt":{"rendered":"<p>\u00ab\u00a0Tout sauf ordinaires\u00a0\u00bb, c\u2019est ainsi qu\u2019H\u00f4tellerie suisse qualifie les h\u00f4tels\u00a0Boutique &amp; Lifestyle\u00a0: des \u00e9tablissements qui se distinguent par \u00ab\u00a0une architecture innovante, une d\u00e9coration audacieuse et un savant m\u00e9lange de design, d\u2019art et de culture \u00bb.\u00a0 Le concept s\u2019applique \u00e0 tous les aspects de l\u2019h\u00f4tellerie\u00a0 \u2013 de l\u2019h\u00e9bergement \u00e0 la restauration, de la d\u00e9tente au travail. [&hellip;]<\/p>\n","protected":false},"author":5,"featured_media":2759,"comment_status":"closed","ping_status":"closed","sticky":false,"template":"","format":"standard","meta":{"_acf_changed":false,"footnotes":""},"categories":[2],"tags":[],"class_list":["post-1719","post","type-post","status-publish","format-standard","has-post-thumbnail","hentry","category-non-categorise"],"acf":[],"yoast_head":"<!-- This site is optimized with the Yoast SEO plugin v27.2 - https:\/\/yoast.com\/product\/yoast-seo-wordpress\/ -->\n<title>Le Carina se voit d\u00e9cerner les classifications \u00ab\u00a0Swiss Lodge\u00a0\u00bb et \u00ab\u00a0Boutique &amp; Lifestyle\u00a0\u00bb - Hotel Carina Zermatt<\/title>\n<meta name=\"robots\" content=\"index, follow, max-snippet:-1, max-image-preview:large, max-video-preview:-1\" \/>\n<link rel=\"canonical\" href=\"https:\/\/carinazermatt.ch\/fr\/le-carina-se-voit-decerner-les-classifications-swiss-lodge-et-design-lifestyle\/\" \/>\n<meta property=\"og:locale\" content=\"fr_FR\" \/>\n<meta property=\"og:type\" content=\"article\" \/>\n<meta property=\"og:title\" content=\"Le Carina se voit d\u00e9cerner les classifications \u00ab\u00a0Swiss Lodge\u00a0\u00bb et \u00ab\u00a0Boutique &amp; Lifestyle\u00a0\u00bb - Hotel Carina Zermatt\" \/>\n<meta property=\"og:description\" content=\"\u00ab\u00a0Tout sauf ordinaires\u00a0\u00bb, c\u2019est ainsi qu\u2019H\u00f4tellerie suisse qualifie les h\u00f4tels\u00a0Boutique &amp; Lifestyle\u00a0: des \u00e9tablissements qui se distinguent par \u00ab\u00a0une architecture innovante, une d\u00e9coration audacieuse et un savant m\u00e9lange de design, d\u2019art et de culture \u00bb.\u00a0 Le concept s\u2019applique \u00e0 tous les aspects de l\u2019h\u00f4tellerie\u00a0 \u2013 de l\u2019h\u00e9bergement \u00e0 la restauration, de la d\u00e9tente au travail. [&hellip;]\" \/>\n<meta property=\"og:url\" content=\"https:\/\/carinazermatt.ch\/fr\/le-carina-se-voit-decerner-les-classifications-swiss-lodge-et-design-lifestyle\/\" \/>\n<meta property=\"og:site_name\" content=\"Hotel Carina Zermatt\" \/>\n<meta property=\"article:published_time\" content=\"2025-10-08T15:44:03+00:00\" \/>\n<meta property=\"article:modified_time\" content=\"2025-12-24T10:54:46+00:00\" \/>\n<meta property=\"og:image\" content=\"https:\/\/carinazermatt.ch\/wp-content\/uploads\/Carinabis369_Design-2048x1638-3.png\" \/>\n\t<meta property=\"og:image:width\" content=\"2048\" \/>\n\t<meta property=\"og:image:height\" content=\"1638\" \/>\n\t<meta property=\"og:image:type\" content=\"image\/png\" \/>\n<meta name=\"author\" content=\"DIGID-Editor\" \/>\n<meta name=\"twitter:card\" content=\"summary_large_image\" \/>\n<meta name=\"twitter:label1\" content=\"\u00c9crit par\" \/>\n\t<meta name=\"twitter:data1\" content=\"DIGID-Editor\" \/>\n\t<meta name=\"twitter:label2\" content=\"Dur\u00e9e de lecture estim\u00e9e\" \/>\n\t<meta name=\"twitter:data2\" content=\"2 minutes\" \/>\n<script type=\"application\/ld+json\" class=\"yoast-schema-graph\">{\"@context\":\"https:\/\/schema.org\",\"@graph\":[{\"@type\":\"Article\",\"@id\":\"https:\/\/carinazermatt.ch\/fr\/le-carina-se-voit-decerner-les-classifications-swiss-lodge-et-design-lifestyle\/#article\",\"isPartOf\":{\"@id\":\"https:\/\/carinazermatt.ch\/fr\/le-carina-se-voit-decerner-les-classifications-swiss-lodge-et-design-lifestyle\/\"},\"author\":{\"name\":\"DIGID-Editor\",\"@id\":\"https:\/\/carinazermatt.ch\/fr\/#\/schema\/person\/8c43868896d1b66b8378853da5c786b4\"},\"headline\":\"Le Carina se voit d\u00e9cerner les classifications \u00ab\u00a0Swiss Lodge\u00a0\u00bb et \u00ab\u00a0Boutique &amp; Lifestyle\u00a0\u00bb\",\"datePublished\":\"2025-10-08T15:44:03+00:00\",\"dateModified\":\"2025-12-24T10:54:46+00:00\",\"mainEntityOfPage\":{\"@id\":\"https:\/\/carinazermatt.ch\/fr\/le-carina-se-voit-decerner-les-classifications-swiss-lodge-et-design-lifestyle\/\"},\"wordCount\":245,\"publisher\":{\"@id\":\"https:\/\/carinazermatt.ch\/fr\/#organization\"},\"image\":{\"@id\":\"https:\/\/carinazermatt.ch\/fr\/le-carina-se-voit-decerner-les-classifications-swiss-lodge-et-design-lifestyle\/#primaryimage\"},\"thumbnailUrl\":\"https:\/\/carinazermatt.ch\/wp-content\/uploads\/Carinabis369_Design-2048x1638-3.png\",\"articleSection\":[\"Non cat\u00e9goris\u00e9\"],\"inLanguage\":\"fr-FR\"},{\"@type\":\"WebPage\",\"@id\":\"https:\/\/carinazermatt.ch\/fr\/le-carina-se-voit-decerner-les-classifications-swiss-lodge-et-design-lifestyle\/\",\"url\":\"https:\/\/carinazermatt.ch\/fr\/le-carina-se-voit-decerner-les-classifications-swiss-lodge-et-design-lifestyle\/\",\"name\":\"Le Carina se voit d\u00e9cerner les classifications \u00ab\u00a0Swiss Lodge\u00a0\u00bb et \u00ab\u00a0Boutique &amp; Lifestyle\u00a0\u00bb - Hotel Carina Zermatt\",\"isPartOf\":{\"@id\":\"https:\/\/carinazermatt.ch\/fr\/#website\"},\"primaryImageOfPage\":{\"@id\":\"https:\/\/carinazermatt.ch\/fr\/le-carina-se-voit-decerner-les-classifications-swiss-lodge-et-design-lifestyle\/#primaryimage\"},\"image\":{\"@id\":\"https:\/\/carinazermatt.ch\/fr\/le-carina-se-voit-decerner-les-classifications-swiss-lodge-et-design-lifestyle\/#primaryimage\"},\"thumbnailUrl\":\"https:\/\/carinazermatt.ch\/wp-content\/uploads\/Carinabis369_Design-2048x1638-3.png\",\"datePublished\":\"2025-10-08T15:44:03+00:00\",\"dateModified\":\"2025-12-24T10:54:46+00:00\",\"breadcrumb\":{\"@id\":\"https:\/\/carinazermatt.ch\/fr\/le-carina-se-voit-decerner-les-classifications-swiss-lodge-et-design-lifestyle\/#breadcrumb\"},\"inLanguage\":\"fr-FR\",\"potentialAction\":[{\"@type\":\"ReadAction\",\"target\":[\"https:\/\/carinazermatt.ch\/fr\/le-carina-se-voit-decerner-les-classifications-swiss-lodge-et-design-lifestyle\/\"]}]},{\"@type\":\"ImageObject\",\"inLanguage\":\"fr-FR\",\"@id\":\"https:\/\/carinazermatt.ch\/fr\/le-carina-se-voit-decerner-les-classifications-swiss-lodge-et-design-lifestyle\/#primaryimage\",\"url\":\"https:\/\/carinazermatt.ch\/wp-content\/uploads\/Carinabis369_Design-2048x1638-3.png\",\"contentUrl\":\"https:\/\/carinazermatt.ch\/wp-content\/uploads\/Carinabis369_Design-2048x1638-3.png\",\"width\":2048,\"height\":1638},{\"@type\":\"BreadcrumbList\",\"@id\":\"https:\/\/carinazermatt.ch\/fr\/le-carina-se-voit-decerner-les-classifications-swiss-lodge-et-design-lifestyle\/#breadcrumb\",\"itemListElement\":[{\"@type\":\"ListItem\",\"position\":1,\"name\":\"Home\",\"item\":\"https:\/\/carinazermatt.ch\/fr\/\"},{\"@type\":\"ListItem\",\"position\":2,\"name\":\"Le Carina se voit d\u00e9cerner les classifications \u00ab\u00a0Swiss Lodge\u00a0\u00bb et \u00ab\u00a0Boutique &amp; Lifestyle\u00a0\u00bb\"}]},{\"@type\":\"WebSite\",\"@id\":\"https:\/\/carinazermatt.ch\/fr\/#website\",\"url\":\"https:\/\/carinazermatt.ch\/fr\/\",\"name\":\"carinazermatt\",\"description\":\"\",\"publisher\":{\"@id\":\"https:\/\/carinazermatt.ch\/fr\/#organization\"},\"potentialAction\":[{\"@type\":\"SearchAction\",\"target\":{\"@type\":\"EntryPoint\",\"urlTemplate\":\"https:\/\/carinazermatt.ch\/fr\/?s={search_term_string}\"},\"query-input\":{\"@type\":\"PropertyValueSpecification\",\"valueRequired\":true,\"valueName\":\"search_term_string\"}}],\"inLanguage\":\"fr-FR\"},{\"@type\":\"Organization\",\"@id\":\"https:\/\/carinazermatt.ch\/fr\/#organization\",\"name\":\"carinazermatt\",\"url\":\"https:\/\/carinazermatt.ch\/fr\/\",\"logo\":{\"@type\":\"ImageObject\",\"inLanguage\":\"fr-FR\",\"@id\":\"https:\/\/carinazermatt.ch\/fr\/#\/schema\/logo\/image\/\",\"url\":\"https:\/\/carinazermatt.yournewwebsite.ch\/wp-content\/uploads\/Carina-logo.png\",\"contentUrl\":\"https:\/\/carinazermatt.yournewwebsite.ch\/wp-content\/uploads\/Carina-logo.png\",\"width\":324,\"height\":86,\"caption\":\"carinazermatt\"},\"image\":{\"@id\":\"https:\/\/carinazermatt.ch\/fr\/#\/schema\/logo\/image\/\"}},{\"@type\":\"Person\",\"@id\":\"https:\/\/carinazermatt.ch\/fr\/#\/schema\/person\/8c43868896d1b66b8378853da5c786b4\",\"name\":\"DIGID-Editor\",\"image\":{\"@type\":\"ImageObject\",\"inLanguage\":\"fr-FR\",\"@id\":\"https:\/\/secure.gravatar.com\/avatar\/32816c8d5de4c401af55caad8c7ae0419af2e930a00b839ef86402776baaab26?s=96&d=mm&r=g\",\"url\":\"https:\/\/secure.gravatar.com\/avatar\/32816c8d5de4c401af55caad8c7ae0419af2e930a00b839ef86402776baaab26?s=96&d=mm&r=g\",\"contentUrl\":\"https:\/\/secure.gravatar.com\/avatar\/32816c8d5de4c401af55caad8c7ae0419af2e930a00b839ef86402776baaab26?s=96&d=mm&r=g\",\"caption\":\"DIGID-Editor\"},\"url\":\"https:\/\/carinazermatt.ch\/fr\/author\/digid-editor\/\"}]}<\/script>\n<!-- \/ Yoast SEO plugin. -->","yoast_head_json":{"title":"Le Carina se voit d\u00e9cerner les classifications \u00ab\u00a0Swiss Lodge\u00a0\u00bb et \u00ab\u00a0Boutique &amp; Lifestyle\u00a0\u00bb - Hotel Carina Zermatt","robots":{"index":"index","follow":"follow","max-snippet":"max-snippet:-1","max-image-preview":"max-image-preview:large","max-video-preview":"max-video-preview:-1"},"canonical":"https:\/\/carinazermatt.ch\/fr\/le-carina-se-voit-decerner-les-classifications-swiss-lodge-et-design-lifestyle\/","og_locale":"fr_FR","og_type":"article","og_title":"Le Carina se voit d\u00e9cerner les classifications \u00ab\u00a0Swiss Lodge\u00a0\u00bb et \u00ab\u00a0Boutique &amp; Lifestyle\u00a0\u00bb - Hotel Carina Zermatt","og_description":"\u00ab\u00a0Tout sauf ordinaires\u00a0\u00bb, c\u2019est ainsi qu\u2019H\u00f4tellerie suisse qualifie les h\u00f4tels\u00a0Boutique &amp; Lifestyle\u00a0: des \u00e9tablissements qui se distinguent par \u00ab\u00a0une architecture innovante, une d\u00e9coration audacieuse et un savant m\u00e9lange de design, d\u2019art et de culture \u00bb.\u00a0 Le concept s\u2019applique \u00e0 tous les aspects de l\u2019h\u00f4tellerie\u00a0 \u2013 de l\u2019h\u00e9bergement \u00e0 la restauration, de la d\u00e9tente au travail. [&hellip;]","og_url":"https:\/\/carinazermatt.ch\/fr\/le-carina-se-voit-decerner-les-classifications-swiss-lodge-et-design-lifestyle\/","og_site_name":"Hotel Carina Zermatt","article_published_time":"2025-10-08T15:44:03+00:00","article_modified_time":"2025-12-24T10:54:46+00:00","og_image":[{"width":2048,"height":1638,"url":"https:\/\/carinazermatt.ch\/wp-content\/uploads\/Carinabis369_Design-2048x1638-3.png","type":"image\/png"}],"author":"DIGID-Editor","twitter_card":"summary_large_image","twitter_misc":{"\u00c9crit par":"DIGID-Editor","Dur\u00e9e de lecture estim\u00e9e":"2 minutes"},"schema":{"@context":"https:\/\/schema.org","@graph":[{"@type":"Article","@id":"https:\/\/carinazermatt.ch\/fr\/le-carina-se-voit-decerner-les-classifications-swiss-lodge-et-design-lifestyle\/#article","isPartOf":{"@id":"https:\/\/carinazermatt.ch\/fr\/le-carina-se-voit-decerner-les-classifications-swiss-lodge-et-design-lifestyle\/"},"author":{"name":"DIGID-Editor","@id":"https:\/\/carinazermatt.ch\/fr\/#\/schema\/person\/8c43868896d1b66b8378853da5c786b4"},"headline":"Le Carina se voit d\u00e9cerner les classifications \u00ab\u00a0Swiss Lodge\u00a0\u00bb et \u00ab\u00a0Boutique &amp; Lifestyle\u00a0\u00bb","datePublished":"2025-10-08T15:44:03+00:00","dateModified":"2025-12-24T10:54:46+00:00","mainEntityOfPage":{"@id":"https:\/\/carinazermatt.ch\/fr\/le-carina-se-voit-decerner-les-classifications-swiss-lodge-et-design-lifestyle\/"},"wordCount":245,"publisher":{"@id":"https:\/\/carinazermatt.ch\/fr\/#organization"},"image":{"@id":"https:\/\/carinazermatt.ch\/fr\/le-carina-se-voit-decerner-les-classifications-swiss-lodge-et-design-lifestyle\/#primaryimage"},"thumbnailUrl":"https:\/\/carinazermatt.ch\/wp-content\/uploads\/Carinabis369_Design-2048x1638-3.png","articleSection":["Non cat\u00e9goris\u00e9"],"inLanguage":"fr-FR"},{"@type":"WebPage","@id":"https:\/\/carinazermatt.ch\/fr\/le-carina-se-voit-decerner-les-classifications-swiss-lodge-et-design-lifestyle\/","url":"https:\/\/carinazermatt.ch\/fr\/le-carina-se-voit-decerner-les-classifications-swiss-lodge-et-design-lifestyle\/","name":"Le Carina se voit d\u00e9cerner les classifications \u00ab\u00a0Swiss Lodge\u00a0\u00bb et \u00ab\u00a0Boutique &amp; Lifestyle\u00a0\u00bb - Hotel Carina Zermatt","isPartOf":{"@id":"https:\/\/carinazermatt.ch\/fr\/#website"},"primaryImageOfPage":{"@id":"https:\/\/carinazermatt.ch\/fr\/le-carina-se-voit-decerner-les-classifications-swiss-lodge-et-design-lifestyle\/#primaryimage"},"image":{"@id":"https:\/\/carinazermatt.ch\/fr\/le-carina-se-voit-decerner-les-classifications-swiss-lodge-et-design-lifestyle\/#primaryimage"},"thumbnailUrl":"https:\/\/carinazermatt.ch\/wp-content\/uploads\/Carinabis369_Design-2048x1638-3.png","datePublished":"2025-10-08T15:44:03+00:00","dateModified":"2025-12-24T10:54:46+00:00","breadcrumb":{"@id":"https:\/\/carinazermatt.ch\/fr\/le-carina-se-voit-decerner-les-classifications-swiss-lodge-et-design-lifestyle\/#breadcrumb"},"inLanguage":"fr-FR","potentialAction":[{"@type":"ReadAction","target":["https:\/\/carinazermatt.ch\/fr\/le-carina-se-voit-decerner-les-classifications-swiss-lodge-et-design-lifestyle\/"]}]},{"@type":"ImageObject","inLanguage":"fr-FR","@id":"https:\/\/carinazermatt.ch\/fr\/le-carina-se-voit-decerner-les-classifications-swiss-lodge-et-design-lifestyle\/#primaryimage","url":"https:\/\/carinazermatt.ch\/wp-content\/uploads\/Carinabis369_Design-2048x1638-3.png","contentUrl":"https:\/\/carinazermatt.ch\/wp-content\/uploads\/Carinabis369_Design-2048x1638-3.png","width":2048,"height":1638},{"@type":"BreadcrumbList","@id":"https:\/\/carinazermatt.ch\/fr\/le-carina-se-voit-decerner-les-classifications-swiss-lodge-et-design-lifestyle\/#breadcrumb","itemListElement":[{"@type":"ListItem","position":1,"name":"Home","item":"https:\/\/carinazermatt.ch\/fr\/"},{"@type":"ListItem","position":2,"name":"Le Carina se voit d\u00e9cerner les classifications \u00ab\u00a0Swiss Lodge\u00a0\u00bb et \u00ab\u00a0Boutique &amp; Lifestyle\u00a0\u00bb"}]},{"@type":"WebSite","@id":"https:\/\/carinazermatt.ch\/fr\/#website","url":"https:\/\/carinazermatt.ch\/fr\/","name":"carinazermatt","description":"","publisher":{"@id":"https:\/\/carinazermatt.ch\/fr\/#organization"},"potentialAction":[{"@type":"SearchAction","target":{"@type":"EntryPoint","urlTemplate":"https:\/\/carinazermatt.ch\/fr\/?s={search_term_string}"},"query-input":{"@type":"PropertyValueSpecification","valueRequired":true,"valueName":"search_term_string"}}],"inLanguage":"fr-FR"},{"@type":"Organization","@id":"https:\/\/carinazermatt.ch\/fr\/#organization","name":"carinazermatt","url":"https:\/\/carinazermatt.ch\/fr\/","logo":{"@type":"ImageObject","inLanguage":"fr-FR","@id":"https:\/\/carinazermatt.ch\/fr\/#\/schema\/logo\/image\/","url":"https:\/\/carinazermatt.yournewwebsite.ch\/wp-content\/uploads\/Carina-logo.png","contentUrl":"https:\/\/carinazermatt.yournewwebsite.ch\/wp-content\/uploads\/Carina-logo.png","width":324,"height":86,"caption":"carinazermatt"},"image":{"@id":"https:\/\/carinazermatt.ch\/fr\/#\/schema\/logo\/image\/"}},{"@type":"Person","@id":"https:\/\/carinazermatt.ch\/fr\/#\/schema\/person\/8c43868896d1b66b8378853da5c786b4","name":"DIGID-Editor","image":{"@type":"ImageObject","inLanguage":"fr-FR","@id":"https:\/\/secure.gravatar.com\/avatar\/32816c8d5de4c401af55caad8c7ae0419af2e930a00b839ef86402776baaab26?s=96&d=mm&r=g","url":"https:\/\/secure.gravatar.com\/avatar\/32816c8d5de4c401af55caad8c7ae0419af2e930a00b839ef86402776baaab26?s=96&d=mm&r=g","contentUrl":"https:\/\/secure.gravatar.com\/avatar\/32816c8d5de4c401af55caad8c7ae0419af2e930a00b839ef86402776baaab26?s=96&d=mm&r=g","caption":"DIGID-Editor"},"url":"https:\/\/carinazermatt.ch\/fr\/author\/digid-editor\/"}]}},"_links":{"self":[{"href":"https:\/\/carinazermatt.ch\/fr\/wp-json\/wp\/v2\/posts\/1719","targetHints":{"allow":["GET"]}}],"collection":[{"href":"https:\/\/carinazermatt.ch\/fr\/wp-json\/wp\/v2\/posts"}],"about":[{"href":"https:\/\/carinazermatt.ch\/fr\/wp-json\/wp\/v2\/types\/post"}],"author":[{"embeddable":true,"href":"https:\/\/carinazermatt.ch\/fr\/wp-json\/wp\/v2\/users\/5"}],"replies":[{"embeddable":true,"href":"https:\/\/carinazermatt.ch\/fr\/wp-json\/wp\/v2\/comments?post=1719"}],"version-history":[{"count":2,"href":"https:\/\/carinazermatt.ch\/fr\/wp-json\/wp\/v2\/posts\/1719\/revisions"}],"predecessor-version":[{"id":2038,"href":"https:\/\/carinazermatt.ch\/fr\/wp-json\/wp\/v2\/posts\/1719\/revisions\/2038"}],"wp:featuredmedia":[{"embeddable":true,"href":"https:\/\/carinazermatt.ch\/fr\/wp-json\/wp\/v2\/media\/2759"}],"wp:attachment":[{"href":"https:\/\/carinazermatt.ch\/fr\/wp-json\/wp\/v2\/media?parent=1719"}],"wp:term":[{"taxonomy":"category","embeddable":true,"href":"https:\/\/carinazermatt.ch\/fr\/wp-json\/wp\/v2\/categories?post=1719"},{"taxonomy":"post_tag","embeddable":true,"href":"https:\/\/carinazermatt.ch\/fr\/wp-json\/wp\/v2\/tags?post=1719"}],"curies":[{"name":"wp","href":"https:\/\/api.w.org\/{rel}","templated":true}]}}